{"id":1,"date":"2022-09-17T13:30:00","date_gmt":"2022-09-17T13:30:00","guid":{"rendered":"https:\/\/daviddombrowski.de\/?p=1"},"modified":"2024-06-19T20:12:36","modified_gmt":"2024-06-19T20:12:36","slug":"umzug-wartenberg","status":"publish","type":"post","link":"https:\/\/daviddombrowski.de\/?p=1","title":{"rendered":"Umzug der Therapier\u00e4ume nach Wartenberg"},"content":{"rendered":"\t\t<div data-elementor-type=\"wp-post\" data-elementor-id=\"1\" class=\"elementor elementor-1\">\n\t\t\t\t\t\t\t\t\t<section class=\"elementor-section elementor-top-section elementor-element elementor-element-3921056 elementor-section-boxed elementor-section-height-default elementor-section-height-default\" data-id=\"3921056\" data-element_type=\"section\">\n\t\t\t\t\t\t<div class=\"elementor-container elementor-column-gap-default\">\n\t\t\t\t\t<div class=\"elementor-column elementor-col-100 elementor-top-column elementor-element elementor-element-7aa0b48e\" data-id=\"7aa0b48e\" data-element_type=\"column\">\n\t\t\t<div class=\"elementor-widget-wrap elementor-element-populated\">\n\t\t\t\t\t\t\t\t<div class=\"elementor-element elementor-element-609218e elementor-align-right elementor-widget elementor-widget-button\" data-id=\"609218e\" data-element_type=\"widget\" data-widget_type=\"button.default\">\n\t\t\t\t<div class=\"elementor-widget-container\">\n\t\t\t\t\t<div class=\"elementor-button-wrapper\">\n\t\t\t<a href=\"https:\/\/daviddombrowski.de\/\" class=\"elementor-button-link elementor-button elementor-size-sm\" role=\"button\">\n\t\t\t\t\t\t<span class=\"elementor-button-content-wrapper\">\n\t\t\t\t\t\t\t<span class=\"elementor-button-icon elementor-align-icon-left\">\n\t\t\t\t<i aria-hidden=\"true\" class=\"fas fa-chevron-left\"><\/i>\t\t\t<\/span>\n\t\t\t\t\t\t<span class=\"elementor-button-text\">Zur Startseite<\/span>\n\t\t<\/span>\n\t\t\t\t\t<\/a>\n\t\t<\/div>\n\t\t\t\t<\/div>\n\t\t\t\t<\/div>\n\t\t\t\t<div class=\"elementor-element elementor-element-024d1e5 elementor-widget elementor-widget-heading\" data-id=\"024d1e5\" data-element_type=\"widget\" data-widget_type=\"heading.default\">\n\t\t\t\t<div class=\"elementor-widget-container\">\n\t\t\t<style>\/*! elementor - v3.7.6 - 15-09-2022 *\/\n.elementor-heading-title{padding:0;margin:0;line-height:1}.elementor-widget-heading .elementor-heading-title[class*=elementor-size-]>a{color:inherit;font-size:inherit;line-height:inherit}.elementor-widget-heading .elementor-heading-title.elementor-size-small{font-size:15px}.elementor-widget-heading .elementor-heading-title.elementor-size-medium{font-size:19px}.elementor-widget-heading .elementor-heading-title.elementor-size-large{font-size:29px}.elementor-widget-heading .elementor-heading-title.elementor-size-xl{font-size:39px}.elementor-widget-heading .elementor-heading-title.elementor-size-xxl{font-size:59px}<\/style><h2 class=\"elementor-heading-title elementor-size-default\">Es ist Zeit f\u00fcr Ver\u00e4nderung<\/h2>\t\t<\/div>\n\t\t\t\t<\/div>\n\t\t\t\t<div class=\"elementor-element elementor-element-65d86c46 elementor-widget elementor-widget-text-editor\" data-id=\"65d86c46\" data-element_type=\"widget\" data-widget_type=\"text-editor.default\">\n\t\t\t\t<div class=\"elementor-widget-container\">\n\t\t\t<style>\/*! elementor - v3.7.6 - 15-09-2022 *\/\n.elementor-widget-text-editor.elementor-drop-cap-view-stacked .elementor-drop-cap{background-color:#818a91;color:#fff}.elementor-widget-text-editor.elementor-drop-cap-view-framed .elementor-drop-cap{color:#818a91;border:3px solid;background-color:transparent}.elementor-widget-text-editor:not(.elementor-drop-cap-view-default) .elementor-drop-cap{margin-top:8px}.elementor-widget-text-editor:not(.elementor-drop-cap-view-default) .elementor-drop-cap-letter{width:1em;height:1em}.elementor-widget-text-editor .elementor-drop-cap{float:left;text-align:center;line-height:1;font-size:50px}.elementor-widget-text-editor .elementor-drop-cap-letter{display:inline-block}<\/style>\t\t\t\t<p><strong>Die Schmerz- und Massagetherapie David Dombrowski zieht um nach Wartenberg (Kreis Erding). Es erwarten Dich neue Behandlungsr\u00e4umlichkeiten in heimischer Atmosph\u00e4re.<\/strong><\/p>\n<p>Nach vielen Jahren in denen ich nun schon als mobiler Schmerz- und Massagetherapeut t\u00e4tig bin, wird es nun Zeit auch Klienten vor Ort empfangen zu k\u00f6nnen. Deswegen habe ich nun eigene Praxisr\u00e4umlichkeiten in denen Du mich besuchen kannst. Neben verschiedensten Therapie-Set-Ups gibt es nun auch gem\u00fctliche Sitzgelegenheiten und die M\u00f6glichkeit bei einem Kaffee oder Tee den Ursachen Deiner Beschwerden auf den Grund zu gehen. Es erwarten Dich Beratungsgespr\u00e4che in heimischer Atmosph\u00e4re und nat\u00fcrlich die gewohnt hohe Qualit\u00e4t meiner Schmerz- und Massagetherapie.<\/p>\t\t\t\t\t\t<\/div>\n\t\t\t\t<\/div>\n\t\t\t\t\t<\/div>\n\t\t<\/div>\n\t\t\t\t\t\t\t<\/div>\n\t\t<\/section>\n\t\t\t\t<section class=\"elementor-section elementor-top-section elementor-element elementor-element-a0d2c22 elementor-section-boxed elementor-section-height-default elementor-section-height-default\" data-id=\"a0d2c22\" data-element_type=\"section\">\n\t\t\t\t\t\t<div class=\"elementor-container elementor-column-gap-default\">\n\t\t\t\t\t<div class=\"elementor-column elementor-col-100 elementor-top-column elementor-element elementor-element-1d5fe91\" data-id=\"1d5fe91\" data-element_type=\"column\">\n\t\t\t<div class=\"elementor-widget-wrap elementor-element-populated\">\n\t\t\t\t\t\t\t\t<div class=\"elementor-element elementor-element-8bc48da elementor-widget elementor-widget-heading\" data-id=\"8bc48da\" data-element_type=\"widget\" data-widget_type=\"heading.default\">\n\t\t\t\t<div class=\"elementor-widget-container\">\n\t\t\t<h2 class=\"elementor-heading-title elementor-size-default\">Neue Behandlungsr\u00e4umlichkeit in Wartenberg<\/h2>\t\t<\/div>\n\t\t\t\t<\/div>\n\t\t\t\t<div class=\"elementor-element elementor-element-9a31884 elementor-widget elementor-widget-text-editor\" data-id=\"9a31884\" data-element_type=\"widget\" data-widget_type=\"text-editor.default\">\n\t\t\t\t<div class=\"elementor-widget-container\">\n\t\t\t\t\t\t\t<p>Die neue Behandlungsr\u00e4umlichkeit befindet sich in der Aufhamer Stra\u00dfe 23 in 85456, Wartenberg (Kreis Erding). Wartenberg liegt nahe an der A92 und kann demnach aus Richtung M\u00fcnchen und Deggendorf problemlos mit dem Auto erreicht werden.<\/p>\t\t\t\t\t\t<\/div>\n\t\t\t\t<\/div>\n\t\t\t\t<div class=\"elementor-element elementor-element-c01cfdc elementor-widget elementor-widget-html\" data-id=\"c01cfdc\" data-element_type=\"widget\" data-widget_type=\"html.default\">\n\t\t\t\t<div class=\"elementor-widget-container\">\n\t\t\t<iframe src=\"https:\/\/www.google.com\/maps\/embed?pb=!1m18!1m12!1m3!1d21188.831005329223!2d11.965055338756187!3d48.40654987924577!2m3!1f0!2f0!3f0!3m2!1i1024!2i768!4f13.1!3m3!1m2!1s0x479e199502b33ba9%3A0x2a72d516e337dfc6!2sSchmerz-%20und%20Massagetherapie%20David%20Dombrowski!5e0!3m2!1sde!2sde!4v1663499532679!5m2!1sde!2sde\" width=\"600\" height=\"450\" style=\"border:0;\" allowfullscreen=\"\" loading=\"lazy\" referrerpolicy=\"no-referrer-when-downgrade\"><\/iframe>\t\t<\/div>\n\t\t\t\t<\/div>\n\t\t\t\t<div class=\"elementor-element elementor-element-0354d85 elementor-widget elementor-widget-text-editor\" data-id=\"0354d85\" data-element_type=\"widget\" data-widget_type=\"text-editor.default\">\n\t\t\t\t<div class=\"elementor-widget-container\">\n\t\t\t\t\t\t\t<p>Solltest du Beschwerden haben oder m\u00f6chtest Deine Schmerzen schnellstm\u00f6glich behandeln, dann vereinbare einen Termin (<a href=\"#kontakt2\">&gt; Kontakt<\/a>). Au\u00dferdem freue ich mich \u00fcber eine ehrliche Google-Bewertung, solltest Du noch kein Feedback zu deiner letzten Behandlung hinterlassen haben (<a href=\"https:\/\/www.google.de\/maps\/place\/Schmerz-+und+Massagetherapie+David+Dombrowski\/@48.4065499,11.9650553,14z\/data=!4m7!3m6!1s0x479e199502b33ba9:0x2a72d516e337dfc6!8m2!3d48.4065499!4d11.9825648!9m1!1b1\">&gt; Bewertung schreiben<\/a>).<\/p><p>Ich freue mich Dich in den neuen Behandlungsr\u00e4umlichkeiten begr\u00fc\u00dfen zu d\u00fcrfen.<\/p><p>David &#8211; Dein Schmerz- und Massagetherapeut<\/p>\t\t\t\t\t\t<\/div>\n\t\t\t\t<\/div>\n\t\t\t\t\t<\/div>\n\t\t<\/div>\n\t\t\t\t\t\t\t<\/div>\n\t\t<\/section>\n\t\t\t\t<section class=\"elementor-section elementor-top-section elementor-element elementor-element-585abd3 elementor-section-boxed elementor-section-height-default elementor-section-height-default\" data-id=\"585abd3\" data-element_type=\"section\">\n\t\t\t\t\t\t<div class=\"elementor-container elementor-column-gap-default\">\n\t\t\t\t\t<div class=\"elementor-column elementor-col-100 elementor-top-column elementor-element elementor-element-320f847\" data-id=\"320f847\" data-element_type=\"column\">\n\t\t\t<div class=\"elementor-widget-wrap elementor-element-populated\">\n\t\t\t\t\t\t\t\t<div class=\"elementor-element elementor-element-7c46bbf elementor-widget elementor-widget-spacer\" data-id=\"7c46bbf\" data-element_type=\"widget\" data-widget_type=\"spacer.default\">\n\t\t\t\t<div class=\"elementor-widget-container\">\n\t\t\t<style>\/*! elementor - v3.7.6 - 15-09-2022 *\/\n.elementor-column .elementor-spacer-inner{height:var(--spacer-size)}.e-container{--container-widget-width:100%}.e-container>.elementor-widget-spacer{width:var(--container-widget-width,var(--spacer-size));-ms-flex-item-align:stretch;align-self:stretch;-ms-flex-negative:0;flex-shrink:0}.e-container>.elementor-widget-spacer>.elementor-widget-container,.e-container>.elementor-widget-spacer>.elementor-widget-container>.elementor-spacer{height:100%}.e-container>.elementor-widget-spacer>.elementor-widget-container>.elementor-spacer>.elementor-spacer-inner{height:var(--container-widget-height,var(--spacer-size))}<\/style>\t\t<div class=\"elementor-spacer\">\n\t\t\t<div class=\"elementor-spacer-inner\"><\/div>\n\t\t<\/div>\n\t\t\t\t<\/div>\n\t\t\t\t<\/div>\n\t\t\t\t<div class=\"elementor-element elementor-element-984260d elementor-widget elementor-widget-menu-anchor\" data-id=\"984260d\" data-element_type=\"widget\" data-widget_type=\"menu-anchor.default\">\n\t\t\t\t<div class=\"elementor-widget-container\">\n\t\t\t<style>\/*! elementor - v3.7.6 - 15-09-2022 *\/\nbody.elementor-page .elementor-widget-menu-anchor{margin-bottom:0}<\/style>\t\t<div id=\"kontakt2\" class=\"elementor-menu-anchor\"><\/div>\n\t\t\t\t<\/div>\n\t\t\t\t<\/div>\n\t\t\t\t<div class=\"elementor-element elementor-element-dd094a6 elementor-widget elementor-widget-heading\" data-id=\"dd094a6\" data-element_type=\"widget\" data-widget_type=\"heading.default\">\n\t\t\t\t<div class=\"elementor-widget-container\">\n\t\t\t<h2 class=\"elementor-heading-title elementor-size-default\">Jetzt Termin vereinbaren!<\/h2>\t\t<\/div>\n\t\t\t\t<\/div>\n\t\t\t\t<div class=\"elementor-element elementor-element-82cdf9e elementor-align-left elementor-list-item-link-full_width elementor-widget elementor-widget-icon-list\" data-id=\"82cdf9e\" data-element_type=\"widget\" data-widget_type=\"icon-list.default\">\n\t\t\t\t<div class=\"elementor-widget-container\">\n\t\t\t<link rel=\"stylesheet\" href=\"https:\/\/daviddombrowski.de\/wp-content\/plugins\/elementor\/assets\/css\/widget-icon-list.min.css\">\t\t<ul class=\"elementor-icon-list-items\">\n\t\t\t\t\t\t\t<li class=\"elementor-icon-list-item\">\n\t\t\t\t\t\t\t\t\t\t\t<a href=\"mailto:hallo@daviddombrowski.de\">\n\n\t\t\t\t\t\t\t\t\t\t\t\t<span class=\"elementor-icon-list-icon\">\n\t\t\t\t\t\t\t<i aria-hidden=\"true\" class=\"fas fa-envelope\"><\/i>\t\t\t\t\t\t<\/span>\n\t\t\t\t\t\t\t\t\t\t<span class=\"elementor-icon-list-text\">hallo@daviddombrowski.de     <\/span>\n\t\t\t\t\t\t\t\t\t\t\t<\/a>\n\t\t\t\t\t\t\t\t\t<\/li>\n\t\t\t\t\t\t\t\t<li class=\"elementor-icon-list-item\">\n\t\t\t\t\t\t\t\t\t\t\t<span class=\"elementor-icon-list-icon\">\n\t\t\t\t\t\t\t<i aria-hidden=\"true\" class=\"fas fa-mobile-alt\"><\/i>\t\t\t\t\t\t<\/span>\n\t\t\t\t\t\t\t\t\t\t<span class=\"elementor-icon-list-text\">+49 (0) 1512 - 539 678 2           <\/span>\n\t\t\t\t\t\t\t\t\t<\/li>\n\t\t\t\t\t\t\t\t<li class=\"elementor-icon-list-item\">\n\t\t\t\t\t\t\t\t\t\t\t<a href=\"http:\/\/www.instagram.de\/davidunddombrowski\">\n\n\t\t\t\t\t\t\t\t\t\t\t\t<span class=\"elementor-icon-list-icon\">\n\t\t\t\t\t\t\t<i aria-hidden=\"true\" class=\"fab fa-instagram\"><\/i>\t\t\t\t\t\t<\/span>\n\t\t\t\t\t\t\t\t\t\t<span class=\"elementor-icon-list-text\">@davidunddombrowski<\/span>\n\t\t\t\t\t\t\t\t\t\t\t<\/a>\n\t\t\t\t\t\t\t\t\t<\/li>\n\t\t\t\t\t\t<\/ul>\n\t\t\t\t<\/div>\n\t\t\t\t<\/div>\n\t\t\t\t<div class=\"elementor-element elementor-element-c1a7d30 elementor-widget elementor-widget-spacer\" data-id=\"c1a7d30\" data-element_type=\"widget\" data-widget_type=\"spacer.default\">\n\t\t\t\t<div class=\"elementor-widget-container\">\n\t\t\t\t\t<div class=\"elementor-spacer\">\n\t\t\t<div class=\"elementor-spacer-inner\"><\/div>\n\t\t<\/div>\n\t\t\t\t<\/div>\n\t\t\t\t<\/div>\n\t\t\t\t\t<\/div>\n\t\t<\/div>\n\t\t\t\t\t\t\t<\/div>\n\t\t<\/section>\n\t\t\t\t\t\t\t<\/div>\n\t\t","protected":false},"excerpt":{"rendered":"<p>Es ist Zeit f\u00fcr Ver\u00e4nderung! Die Schmerz- und Massagetherapie David Dombrowski zieht in die Aufhamer Stra\u00dfe 23, 85456  Wartenberg (Kreis Erding) um. Es erwarten Dich neue Behandlungsr\u00e4umlichkeiten in heimischer Athmosph\u00e4re und mit der gewohnt hohen Qualit\u00e4t der Behandlungen.<\/p>\n","protected":false},"author":1,"featured_media":515,"comment_status":"closed","ping_status":"closed","sticky":false,"template":"","format":"standard","meta":[],"categories":[6],"tags":[7,12,9],"yoast_head":"<!-- This site is optimized with the Yoast SEO plugin v19.6.1 - https:\/\/yoast.com\/wordpress\/plugins\/seo\/ -->\n<title>Umzug der Therapier\u00e4ume nach Wartenberg - david dombrowski<\/title>\n<meta name=\"description\" content=\"Es ist Zeit f\u00fcr Ver\u00e4nderung! Neue Behandlungsr\u00e4umlichkeiten f\u00fcr die Schmer- und Massagetherapie in der Aufhamer Str. 23, 85456 Wartenberg.\" \/>\n<meta name=\"robots\" content=\"index, follow, max-snippet:-1, max-image-preview:large, max-video-preview:-1\" \/>\n<link rel=\"canonical\" href=\"https:\/\/daviddombrowski.de\/?p=1\" \/>\n<meta property=\"og:locale\" content=\"de_DE\" \/>\n<meta property=\"og:type\" content=\"article\" \/>\n<meta property=\"og:title\" content=\"Umzug der Therapier\u00e4ume nach Wartenberg - david dombrowski\" \/>\n<meta property=\"og:description\" content=\"Es ist Zeit f\u00fcr Ver\u00e4nderung! Neue Behandlungsr\u00e4umlichkeiten f\u00fcr die Schmer- und Massagetherapie in der Aufhamer Str. 23, 85456 Wartenberg.\" \/>\n<meta property=\"og:url\" content=\"https:\/\/daviddombrowski.de\/?p=1\" \/>\n<meta property=\"og:site_name\" content=\"david dombrowski\" \/>\n<meta property=\"article:published_time\" content=\"2022-09-17T13:30:00+00:00\" \/>\n<meta property=\"article:modified_time\" content=\"2024-06-19T20:12:36+00:00\" \/>\n<meta property=\"og:image\" content=\"https:\/\/daviddombrowski.de\/wp-content\/uploads\/2022\/09\/Behandlungsraum_1-scaled.jpg\" \/>\n\t<meta property=\"og:image:width\" content=\"2560\" \/>\n\t<meta property=\"og:image:height\" content=\"1920\" \/>\n\t<meta property=\"og:image:type\" content=\"image\/jpeg\" \/>\n<meta name=\"author\" content=\"admin\" \/>\n<meta name=\"twitter:card\" content=\"summary_large_image\" \/>\n<meta name=\"twitter:label1\" content=\"Verfasst von\" \/>\n\t<meta name=\"twitter:data1\" content=\"admin\" \/>\n\t<meta name=\"twitter:label2\" content=\"Gesch\u00e4tzte Lesezeit\" \/>\n\t<meta name=\"twitter:data2\" content=\"2\u00a0Minuten\" \/>\n<script type=\"application\/ld+json\" class=\"yoast-schema-graph\">{\"@context\":\"https:\/\/schema.org\",\"@graph\":[{\"@type\":\"Article\",\"@id\":\"https:\/\/daviddombrowski.de\/?p=1#article\",\"isPartOf\":{\"@id\":\"https:\/\/daviddombrowski.de\/?p=1\"},\"author\":{\"name\":\"admin\",\"@id\":\"https:\/\/daviddombrowski.de\/#\/schema\/person\/57afb7e3cfc7de82d486c48768e25e15\"},\"headline\":\"Umzug der Therapier\u00e4ume nach Wartenberg\",\"datePublished\":\"2022-09-17T13:30:00+00:00\",\"dateModified\":\"2024-06-19T20:12:36+00:00\",\"mainEntityOfPage\":{\"@id\":\"https:\/\/daviddombrowski.de\/?p=1\"},\"wordCount\":237,\"publisher\":{\"@id\":\"https:\/\/daviddombrowski.de\/#organization\"},\"keywords\":[\"News\",\"Standort\",\"Wartenberg\"],\"articleSection\":[\"News\"],\"inLanguage\":\"de\"},{\"@type\":\"WebPage\",\"@id\":\"https:\/\/daviddombrowski.de\/?p=1\",\"url\":\"https:\/\/daviddombrowski.de\/?p=1\",\"name\":\"Umzug der Therapier\u00e4ume nach Wartenberg - david dombrowski\",\"isPartOf\":{\"@id\":\"https:\/\/daviddombrowski.de\/#website\"},\"datePublished\":\"2022-09-17T13:30:00+00:00\",\"dateModified\":\"2024-06-19T20:12:36+00:00\",\"description\":\"Es ist Zeit f\u00fcr Ver\u00e4nderung! Neue Behandlungsr\u00e4umlichkeiten f\u00fcr die Schmer- und Massagetherapie in der Aufhamer Str. 23, 85456 Wartenberg.\",\"breadcrumb\":{\"@id\":\"https:\/\/daviddombrowski.de\/?p=1#breadcrumb\"},\"inLanguage\":\"de\",\"potentialAction\":[{\"@type\":\"ReadAction\",\"target\":[\"https:\/\/daviddombrowski.de\/?p=1\"]}]},{\"@type\":\"BreadcrumbList\",\"@id\":\"https:\/\/daviddombrowski.de\/?p=1#breadcrumb\",\"itemListElement\":[{\"@type\":\"ListItem\",\"position\":1,\"name\":\"Startseite\",\"item\":\"https:\/\/daviddombrowski.de\/\"},{\"@type\":\"ListItem\",\"position\":2,\"name\":\"Umzug der Therapier\u00e4ume nach Wartenberg\"}]},{\"@type\":\"WebSite\",\"@id\":\"https:\/\/daviddombrowski.de\/#website\",\"url\":\"https:\/\/daviddombrowski.de\/\",\"name\":\"david dombrowski\",\"description\":\"Schmerz- und Massagetherapie\",\"publisher\":{\"@id\":\"https:\/\/daviddombrowski.de\/#organization\"},\"potentialAction\":[{\"@type\":\"SearchAction\",\"target\":{\"@type\":\"EntryPoint\",\"urlTemplate\":\"https:\/\/daviddombrowski.de\/?s={search_term_string}\"},\"query-input\":\"required name=search_term_string\"}],\"inLanguage\":\"de\"},{\"@type\":\"Organization\",\"@id\":\"https:\/\/daviddombrowski.de\/#organization\",\"name\":\"david dombrowski\",\"url\":\"https:\/\/daviddombrowski.de\/\",\"sameAs\":[],\"logo\":{\"@type\":\"ImageObject\",\"inLanguage\":\"de\",\"@id\":\"https:\/\/daviddombrowski.de\/#\/schema\/logo\/image\/\",\"url\":\"https:\/\/daviddombrowski.de\/wp-content\/uploads\/2022\/01\/cropped-cropped-Logo_Farbe_Icon.png\",\"contentUrl\":\"https:\/\/daviddombrowski.de\/wp-content\/uploads\/2022\/01\/cropped-cropped-Logo_Farbe_Icon.png\",\"width\":512,\"height\":512,\"caption\":\"david dombrowski\"},\"image\":{\"@id\":\"https:\/\/daviddombrowski.de\/#\/schema\/logo\/image\/\"}},{\"@type\":\"Person\",\"@id\":\"https:\/\/daviddombrowski.de\/#\/schema\/person\/57afb7e3cfc7de82d486c48768e25e15\",\"name\":\"admin\",\"image\":{\"@type\":\"ImageObject\",\"inLanguage\":\"de\",\"@id\":\"https:\/\/daviddombrowski.de\/#\/schema\/person\/image\/\",\"url\":\"https:\/\/secure.gravatar.com\/avatar\/d580bd2cd22aabb113a30d26bc5e741c?s=96&d=mm&r=g\",\"contentUrl\":\"https:\/\/secure.gravatar.com\/avatar\/d580bd2cd22aabb113a30d26bc5e741c?s=96&d=mm&r=g\",\"caption\":\"admin\"},\"url\":\"https:\/\/daviddombrowski.de\/?author=1\"}]}<\/script>\n<!-- \/ Yoast SEO plugin. -->","yoast_head_json":{"title":"Umzug der Therapier\u00e4ume nach Wartenberg - david dombrowski","description":"Es ist Zeit f\u00fcr Ver\u00e4nderung! Neue Behandlungsr\u00e4umlichkeiten f\u00fcr die Schmer- und Massagetherapie in der Aufhamer Str. 23, 85456 Wartenberg.","robots":{"index":"index","follow":"follow","max-snippet":"max-snippet:-1","max-image-preview":"max-image-preview:large","max-video-preview":"max-video-preview:-1"},"canonical":"https:\/\/daviddombrowski.de\/?p=1","og_locale":"de_DE","og_type":"article","og_title":"Umzug der Therapier\u00e4ume nach Wartenberg - david dombrowski","og_description":"Es ist Zeit f\u00fcr Ver\u00e4nderung! Neue Behandlungsr\u00e4umlichkeiten f\u00fcr die Schmer- und Massagetherapie in der Aufhamer Str. 23, 85456 Wartenberg.","og_url":"https:\/\/daviddombrowski.de\/?p=1","og_site_name":"david dombrowski","article_published_time":"2022-09-17T13:30:00+00:00","article_modified_time":"2024-06-19T20:12:36+00:00","og_image":[{"width":2560,"height":1920,"url":"https:\/\/daviddombrowski.de\/wp-content\/uploads\/2022\/09\/Behandlungsraum_1-scaled.jpg","type":"image\/jpeg"}],"author":"admin","twitter_card":"summary_large_image","twitter_misc":{"Verfasst von":"admin","Gesch\u00e4tzte Lesezeit":"2\u00a0Minuten"},"schema":{"@context":"https:\/\/schema.org","@graph":[{"@type":"Article","@id":"https:\/\/daviddombrowski.de\/?p=1#article","isPartOf":{"@id":"https:\/\/daviddombrowski.de\/?p=1"},"author":{"name":"admin","@id":"https:\/\/daviddombrowski.de\/#\/schema\/person\/57afb7e3cfc7de82d486c48768e25e15"},"headline":"Umzug der Therapier\u00e4ume nach Wartenberg","datePublished":"2022-09-17T13:30:00+00:00","dateModified":"2024-06-19T20:12:36+00:00","mainEntityOfPage":{"@id":"https:\/\/daviddombrowski.de\/?p=1"},"wordCount":237,"publisher":{"@id":"https:\/\/daviddombrowski.de\/#organization"},"keywords":["News","Standort","Wartenberg"],"articleSection":["News"],"inLanguage":"de"},{"@type":"WebPage","@id":"https:\/\/daviddombrowski.de\/?p=1","url":"https:\/\/daviddombrowski.de\/?p=1","name":"Umzug der Therapier\u00e4ume nach Wartenberg - david dombrowski","isPartOf":{"@id":"https:\/\/daviddombrowski.de\/#website"},"datePublished":"2022-09-17T13:30:00+00:00","dateModified":"2024-06-19T20:12:36+00:00","description":"Es ist Zeit f\u00fcr Ver\u00e4nderung! Neue Behandlungsr\u00e4umlichkeiten f\u00fcr die Schmer- und Massagetherapie in der Aufhamer Str. 23, 85456 Wartenberg.","breadcrumb":{"@id":"https:\/\/daviddombrowski.de\/?p=1#breadcrumb"},"inLanguage":"de","potentialAction":[{"@type":"ReadAction","target":["https:\/\/daviddombrowski.de\/?p=1"]}]},{"@type":"BreadcrumbList","@id":"https:\/\/daviddombrowski.de\/?p=1#breadcrumb","itemListElement":[{"@type":"ListItem","position":1,"name":"Startseite","item":"https:\/\/daviddombrowski.de\/"},{"@type":"ListItem","position":2,"name":"Umzug der Therapier\u00e4ume nach Wartenberg"}]},{"@type":"WebSite","@id":"https:\/\/daviddombrowski.de\/#website","url":"https:\/\/daviddombrowski.de\/","name":"david dombrowski","description":"Schmerz- und Massagetherapie","publisher":{"@id":"https:\/\/daviddombrowski.de\/#organization"},"potentialAction":[{"@type":"SearchAction","target":{"@type":"EntryPoint","urlTemplate":"https:\/\/daviddombrowski.de\/?s={search_term_string}"},"query-input":"required name=search_term_string"}],"inLanguage":"de"},{"@type":"Organization","@id":"https:\/\/daviddombrowski.de\/#organization","name":"david dombrowski","url":"https:\/\/daviddombrowski.de\/","sameAs":[],"logo":{"@type":"ImageObject","inLanguage":"de","@id":"https:\/\/daviddombrowski.de\/#\/schema\/logo\/image\/","url":"https:\/\/daviddombrowski.de\/wp-content\/uploads\/2022\/01\/cropped-cropped-Logo_Farbe_Icon.png","contentUrl":"https:\/\/daviddombrowski.de\/wp-content\/uploads\/2022\/01\/cropped-cropped-Logo_Farbe_Icon.png","width":512,"height":512,"caption":"david dombrowski"},"image":{"@id":"https:\/\/daviddombrowski.de\/#\/schema\/logo\/image\/"}},{"@type":"Person","@id":"https:\/\/daviddombrowski.de\/#\/schema\/person\/57afb7e3cfc7de82d486c48768e25e15","name":"admin","image":{"@type":"ImageObject","inLanguage":"de","@id":"https:\/\/daviddombrowski.de\/#\/schema\/person\/image\/","url":"https:\/\/secure.gravatar.com\/avatar\/d580bd2cd22aabb113a30d26bc5e741c?s=96&d=mm&r=g","contentUrl":"https:\/\/secure.gravatar.com\/avatar\/d580bd2cd22aabb113a30d26bc5e741c?s=96&d=mm&r=g","caption":"admin"},"url":"https:\/\/daviddombrowski.de\/?author=1"}]}},"_links":{"self":[{"href":"https:\/\/daviddombrowski.de\/index.php?rest_route=\/wp\/v2\/posts\/1"}],"collection":[{"href":"https:\/\/daviddombrowski.de\/index.php?rest_route=\/wp\/v2\/posts"}],"about":[{"href":"https:\/\/daviddombrowski.de\/index.php?rest_route=\/wp\/v2\/types\/post"}],"author":[{"embeddable":true,"href":"https:\/\/daviddombrowski.de\/index.php?rest_route=\/wp\/v2\/users\/1"}],"replies":[{"embeddable":true,"href":"https:\/\/daviddombrowski.de\/index.php?rest_route=%2Fwp%2Fv2%2Fcomments&post=1"}],"version-history":[{"count":77,"href":"https:\/\/daviddombrowski.de\/index.php?rest_route=\/wp\/v2\/posts\/1\/revisions"}],"predecessor-version":[{"id":862,"href":"https:\/\/daviddombrowski.de\/index.php?rest_route=\/wp\/v2\/posts\/1\/revisions\/862"}],"wp:featuredmedia":[{"embeddable":true,"href":"https:\/\/daviddombrowski.de\/index.php?rest_route=\/wp\/v2\/media\/515"}],"wp:attachment":[{"href":"https:\/\/daviddombrowski.de\/index.php?rest_route=%2Fwp%2Fv2%2Fmedia&parent=1"}],"wp:term":[{"taxonomy":"category","embeddable":true,"href":"https:\/\/daviddombrowski.de\/index.php?rest_route=%2Fwp%2Fv2%2Fcategories&post=1"},{"taxonomy":"post_tag","embeddable":true,"href":"https:\/\/daviddombrowski.de\/index.php?rest_route=%2Fwp%2Fv2%2Ftags&post=1"}],"curies":[{"name":"wp","href":"https:\/\/api.w.org\/{rel}","templated":true}]}}